{"id":579,"date":"2016-02-01T11:41:12","date_gmt":"2016-02-01T11:41:12","guid":{"rendered":"http:\/\/www.klangmoebel.net\/wp\/?p=579"},"modified":"2016-10-21T18:34:38","modified_gmt":"2016-10-21T18:34:38","slug":"haarmann-horspiel-alaaf-wird-uraufgefuhrt","status":"publish","type":"post","link":"https:\/\/www.klangmoebel.net\/wp\/?p=579","title":{"rendered":"Haarmann: H\u00f6rspiel &#8222;Alaaf&#8220; wird uraufgef\u00fchrt"},"content":{"rendered":"<p><strong>ALAAF<\/strong><\/p>\n<p>Von Jochen Langner und Ralf Haarmann<\/p>\n<p>Sonntag, 7. Februar 2016, 17.05 &#8211; 18.00 Uhr | WDR 5<br \/>\nMontag, 8. Februar 2016, 19.05 &#8211; 20.00 Uhr | WDR 3<\/p>\n<p>K\u00f6ln feiert Karneval. Doch als das KAlt-Bier, ein Gemisch aus K\u00f6lsch und Alt, der multikulturellen Helau-Alaaf Bewegung mikrobiologisch sabotiert wird, kommt es zur Katastrophe. Ein t\u00f6dlicher Virus infiziert die Feiernden. Die Bundesregierung\u00a0geht von einem terroristischen Anschlag aus und erkl\u00e4rt die K\u00f6lner Innenstadt zur verbotenen Zone. Doch wer ist f\u00fcr den Anschlag verantwortlich?<\/p>\n<p>&#8222;Alaaf&#8220; erz\u00e4hlt den Ist-Zustand ein Jahr nach der Virus-Katastrophe: Die verschiedenen politischen Kr\u00e4fte und karnevalistischen Gruppierungen reiben sich auf und\u00a0die Bewohner der K\u00f6lner Innenstadt\u00a0leben in Notunterk\u00fcnften. Die Bundesregierung \u00fcbt die totale \u00dcberwachung und beschwichtigt nach au\u00dfen. Im Epizentrum der Krise sitzt Tom H\u00e4user, Hauptverd\u00e4chtiger f\u00fcr die Verursachung der Epidemie. Innerhalb der verbotenen Zone versucht er eine autarke Gesellschaft aufzubauen, fern von jeglicher staatlicher Regulierung von au\u00dfen. Sind K\u00f6ln und der Rest der Welt noch zu retten? Das H\u00f6rspiel setzt dem Karneval selbst die Narrenkappe auf. &#8222;Alaaf&#8220; &#8211; ein t\u00f6dliches Planspiel zur f\u00fcnften Jahreszeit.<\/p>\n<p><a href=\"www1.wdr.de\/mediathek\/audio\/wdr3\/wdr3-hoerspiel\/audio-alaaf-100.html\" target=\"_blank\">www1.wdr.de\/mediathek\/audio\/wdr3\/wdr3-hoerspiel\/audio-alaaf-100.html<\/a><\/p>\n<p>Von Jochen Langner und Ralf Haarmann<\/p>\n<p>Produktion: WDR 2016 ca. 53\u2018<\/p>\n","protected":false},"excerpt":{"rendered":"<p>ALAAF Von Jochen Langner und Ralf Haarmann Sonntag, 7. Februar 2016, 17.05 &#8211; 18.00 Uhr | WDR 5 Montag, 8.<\/p>\n","protected":false},"author":1,"featured_media":0,"comment_status":"closed","ping_status":"closed","sticky":false,"template":"","format":"standard","meta":{"colormag_page_layout":"default_layout","footnotes":""},"categories":[8,13],"tags":[],"class_list":["post-579","post","type-post","status-publish","format-standard","hentry","category-haarmann","category-horspiel"],"_links":{"self":[{"href":"https:\/\/www.klangmoebel.net\/wp\/index.php?rest_route=\/wp\/v2\/posts\/579","targetHints":{"allow":["GET"]}}],"collection":[{"href":"https:\/\/www.klangmoebel.net\/wp\/index.php?rest_route=\/wp\/v2\/posts"}],"about":[{"href":"https:\/\/www.klangmoebel.net\/wp\/index.php?rest_route=\/wp\/v2\/types\/post"}],"author":[{"embeddable":true,"href":"https:\/\/www.klangmoebel.net\/wp\/index.php?rest_route=\/wp\/v2\/users\/1"}],"replies":[{"embeddable":true,"href":"https:\/\/www.klangmoebel.net\/wp\/index.php?rest_route=%2Fwp%2Fv2%2Fcomments&post=579"}],"version-history":[{"count":10,"href":"https:\/\/www.klangmoebel.net\/wp\/index.php?rest_route=\/wp\/v2\/posts\/579\/revisions"}],"predecessor-version":[{"id":581,"href":"https:\/\/www.klangmoebel.net\/wp\/index.php?rest_route=\/wp\/v2\/posts\/579\/revisions\/581"}],"wp:attachment":[{"href":"https:\/\/www.klangmoebel.net\/wp\/index.php?rest_route=%2Fwp%2Fv2%2Fmedia&parent=579"}],"wp:term":[{"taxonomy":"category","embeddable":true,"href":"https:\/\/www.klangmoebel.net\/wp\/index.php?rest_route=%2Fwp%2Fv2%2Fcategories&post=579"},{"taxonomy":"post_tag","embeddable":true,"href":"https:\/\/www.klangmoebel.net\/wp\/index.php?rest_route=%2Fwp%2Fv2%2Ftags&post=579"}],"curies":[{"name":"wp","href":"https:\/\/api.w.org\/{rel}","templated":true}]}}