{"id":659,"date":"2017-10-03T21:19:22","date_gmt":"2017-10-03T21:19:22","guid":{"rendered":"http:\/\/www.klangmoebel.net\/wp\/?p=659"},"modified":"2017-10-03T21:19:22","modified_gmt":"2017-10-03T21:19:22","slug":"haarmann-regie-und-komposition-fur-neues-horspiel","status":"publish","type":"post","link":"https:\/\/www.klangmoebel.net\/wp\/?p=659","title":{"rendered":"Haarmann: Regie und Komposition f\u00fcr neues H\u00f6rspiel"},"content":{"rendered":"<p>F\u00fcr den WDR \u00a0hat Haarmann die H\u00f6rspielbearbeitung von dem Theaterst\u00fcck  &#8222;Auch Deutsche unter den Opfern&#8220; von\u00a0Tu\u011fsal Mo\u011ful\u00a0geschrieben und  inszeniert und auch die Musik dazu komponiert.<\/p>\n<p>Nach der Sendung am 26.09.17 ist das befristet zum <a href=\"http:\/\/www1.wdr.de\/radio\/wdr3\/programm\/sendungen\/wdr3-hoerspiel\/download-auch-deutsche-unter-den-opfern-100.html\" target=\"_blank\">Download beim WDR<\/a> zu haben.<\/p>\n[audio:https:\/\/www.klangmoebel.net\/wp\/wp-content\/uploads\/Ausschnitt-1-Deutsche_u_d_Opfern-8.-und-9.-Mord-Verfass_achgeschichte-1.mp3|titles=Ausschnitt 1 Deutsche_u_d_Opfern 8. und 9. Mord Verfass_achgeschichte-1]\n<p><img loading=\"lazy\" decoding=\"async\" class=\"alignnone size-medium wp-image-660\" title=\"Carb und Haarmann bei der H\u00f6rspielproduktion\" src=\"https:\/\/www.klangmoebel.net\/wp\/wp-content\/uploads\/20170815-_DSF4259-300x200.jpg\" alt=\"Carb und Haarmann bei der H\u00f6rspielproduktion\" width=\"300\" height=\"200\" srcset=\"https:\/\/www.klangmoebel.net\/wp\/wp-content\/uploads\/20170815-_DSF4259-300x200.jpg 300w, https:\/\/www.klangmoebel.net\/wp\/wp-content\/uploads\/20170815-_DSF4259-150x100.jpg 150w, https:\/\/www.klangmoebel.net\/wp\/wp-content\/uploads\/20170815-_DSF4259-400x266.jpg 400w, https:\/\/www.klangmoebel.net\/wp\/wp-content\/uploads\/20170815-_DSF4259.jpg 1000w\" sizes=\"auto, (max-width: 300px) 100vw, 300px\" \/><\/p>\n<div>\n<div><strong>Besetzung:<\/strong><\/div>\n<div>Marina Frenk, Christian L\u00f6ber, Carb Carl Beike,<\/div>\n<div>Ernst August Schepmann, An Kuohn, Thomas Anzenhofer, Carolin Wirth,\u00a0Tu\u011fsal Mo\u011ful<\/div>\n<div>Tontechnik: Alexander Buske<\/div>\n<div>Regieassistenz: Fahri Sarimese<\/div>\n<div>Regie, Musik, Texteinrichtung: Ralf Haarmann<\/div>\n<\/div>\n","protected":false},"excerpt":{"rendered":"<p>F\u00fcr den WDR \u00a0hat Haarmann die H\u00f6rspielbearbeitung von dem Theaterst\u00fcck &#8222;Auch Deutsche unter den Opfern&#8220; von\u00a0Tu\u011fsal Mo\u011ful\u00a0geschrieben und inszeniert und<\/p>\n","protected":false},"author":1,"featured_media":0,"comment_status":"closed","ping_status":"closed","sticky":false,"template":"","format":"standard","meta":{"colormag_page_layout":"default_layout","footnotes":""},"categories":[8,13,6],"tags":[],"class_list":["post-659","post","type-post","status-publish","format-standard","hentry","category-haarmann","category-horspiel","category-release"],"_links":{"self":[{"href":"https:\/\/www.klangmoebel.net\/wp\/index.php?rest_route=\/wp\/v2\/posts\/659","targetHints":{"allow":["GET"]}}],"collection":[{"href":"https:\/\/www.klangmoebel.net\/wp\/index.php?rest_route=\/wp\/v2\/posts"}],"about":[{"href":"https:\/\/www.klangmoebel.net\/wp\/index.php?rest_route=\/wp\/v2\/types\/post"}],"author":[{"embeddable":true,"href":"https:\/\/www.klangmoebel.net\/wp\/index.php?rest_route=\/wp\/v2\/users\/1"}],"replies":[{"embeddable":true,"href":"https:\/\/www.klangmoebel.net\/wp\/index.php?rest_route=%2Fwp%2Fv2%2Fcomments&post=659"}],"version-history":[{"count":2,"href":"https:\/\/www.klangmoebel.net\/wp\/index.php?rest_route=\/wp\/v2\/posts\/659\/revisions"}],"predecessor-version":[{"id":663,"href":"https:\/\/www.klangmoebel.net\/wp\/index.php?rest_route=\/wp\/v2\/posts\/659\/revisions\/663"}],"wp:attachment":[{"href":"https:\/\/www.klangmoebel.net\/wp\/index.php?rest_route=%2Fwp%2Fv2%2Fmedia&parent=659"}],"wp:term":[{"taxonomy":"category","embeddable":true,"href":"https:\/\/www.klangmoebel.net\/wp\/index.php?rest_route=%2Fwp%2Fv2%2Fcategories&post=659"},{"taxonomy":"post_tag","embeddable":true,"href":"https:\/\/www.klangmoebel.net\/wp\/index.php?rest_route=%2Fwp%2Fv2%2Ftags&post=659"}],"curies":[{"name":"wp","href":"https:\/\/api.w.org\/{rel}","templated":true}]}}