{"id":784,"date":"2021-04-19T07:40:06","date_gmt":"2021-04-19T07:40:06","guid":{"rendered":"http:\/\/www.klangmoebel.net\/wp\/?p=784"},"modified":"2022-05-08T21:21:41","modified_gmt":"2022-05-08T21:21:41","slug":"kurzfilm-paradijs-parzelle-von-previouslyloved-ist-online","status":"publish","type":"post","link":"https:\/\/www.klangmoebel.net\/wp\/?p=784","title":{"rendered":"Kurzfilm &#8222;Paradijs Parzelle&#8220; von previouslyLOVED ist online"},"content":{"rendered":"\n<figure class=\"wp-block-embed is-type-rich is-provider-handler-einbetten wp-block-embed-handler-einbetten wp-embed-aspect-16-9 wp-has-aspect-ratio\"><div class=\"wp-block-embed__wrapper\">\n<iframe loading=\"lazy\" title=\"previouslyLOVED presents: Paradijs Parzelle\" width=\"800\" height=\"450\" src=\"https:\/\/www.youtube.com\/embed\/RbgClIDhAfI?feature=oembed\" frameborder=\"0\" allow=\"accelerometer; autoplay; clipboard-write; encrypted-media; gyroscope; picture-in-picture\" allowfullscreen><\/iframe>\n<\/div><\/figure>\n\n\n\n<p>&#8222;\u2026Ich besitze ein St\u00fcck Paradies, ich z\u00e4une es ein, also ist es mein. Es geh\u00f6rt mir, weil es abgeschlossen ist.\u201c<br>(Michel Serres)<\/p>\n\n\n\n<p>Jahr f\u00fcr Jahr versammeln sich unz\u00e4hlige Familien in Deutschland und den Niederlanden auf Campingpl\u00e4tzen.<\/p>\n\n\n\n<p>previouslyLOVED erforscht in der filmischen Bilderreise \u201eParadijs Parzelle\u201c, die versteckten Sehns\u00fcchte, Hoffnungen und \u00c4ngste und den Wunsch, ein kleines Paradies zwischen Z\u00e4unen und Hecken auf Campingpl\u00e4tzen zu finden.<\/p>\n\n\n\n<p>Elk jaar verzamelen ontelbare families uit Nederland en Duitsland op campings.<br>previouslyLOVED onderzoekt in de filmisch beeldreis &#8222;Paradijs Parzelle&#8220; verborgen verlangens en angsten, en de wens een klein stukje paradijs tussen hagen en hekken te vinden.<\/p>\n\n\n\n<p>PARADIJS PARZELLE ist die zweite Kollaboration zwischen dem K\u00fcnstlerkollektiv Nina Lawina (NL) und randomTRIGGER (DE).<\/p>\n\n\n\n<p>PARADIJS PARZELLE is de tweede samenwerking van de Nina Lawina (NL) en randomTRIGGER (DE)<\/p>\n\n\n\n<p>PARADIJS PARZELLE wird durchgef\u00fchrt im Rahmen von taNDem, einem grenz\u00fcberschreitenden Kunst- und Kulturprojekt der EUREGIO, und gef\u00f6rdert durch INTERREG<\/p>\n","protected":false},"excerpt":{"rendered":"<p>&#8222;\u2026Ich besitze ein St\u00fcck Paradies, ich z\u00e4une es ein, also ist es mein. Es geh\u00f6rt mir, weil es abgeschlossen ist.\u201c(Michel<\/p>\n","protected":false},"author":1,"featured_media":833,"comment_status":"closed","ping_status":"closed","sticky":false,"template":"","format":"standard","meta":{"colormag_page_layout":"default_layout","footnotes":""},"categories":[1],"tags":[],"class_list":["post-784","post","type-post","status-publish","format-standard","has-post-thumbnail","hentry","category-allgemein"],"_links":{"self":[{"href":"https:\/\/www.klangmoebel.net\/wp\/index.php?rest_route=\/wp\/v2\/posts\/784","targetHints":{"allow":["GET"]}}],"collection":[{"href":"https:\/\/www.klangmoebel.net\/wp\/index.php?rest_route=\/wp\/v2\/posts"}],"about":[{"href":"https:\/\/www.klangmoebel.net\/wp\/index.php?rest_route=\/wp\/v2\/types\/post"}],"author":[{"embeddable":true,"href":"https:\/\/www.klangmoebel.net\/wp\/index.php?rest_route=\/wp\/v2\/users\/1"}],"replies":[{"embeddable":true,"href":"https:\/\/www.klangmoebel.net\/wp\/index.php?rest_route=%2Fwp%2Fv2%2Fcomments&post=784"}],"version-history":[{"count":1,"href":"https:\/\/www.klangmoebel.net\/wp\/index.php?rest_route=\/wp\/v2\/posts\/784\/revisions"}],"predecessor-version":[{"id":786,"href":"https:\/\/www.klangmoebel.net\/wp\/index.php?rest_route=\/wp\/v2\/posts\/784\/revisions\/786"}],"wp:featuredmedia":[{"embeddable":true,"href":"https:\/\/www.klangmoebel.net\/wp\/index.php?rest_route=\/wp\/v2\/media\/833"}],"wp:attachment":[{"href":"https:\/\/www.klangmoebel.net\/wp\/index.php?rest_route=%2Fwp%2Fv2%2Fmedia&parent=784"}],"wp:term":[{"taxonomy":"category","embeddable":true,"href":"https:\/\/www.klangmoebel.net\/wp\/index.php?rest_route=%2Fwp%2Fv2%2Fcategories&post=784"},{"taxonomy":"post_tag","embeddable":true,"href":"https:\/\/www.klangmoebel.net\/wp\/index.php?rest_route=%2Fwp%2Fv2%2Ftags&post=784"}],"curies":[{"name":"wp","href":"https:\/\/api.w.org\/{rel}","templated":true}]}}